{"id":3815,"date":"2016-10-26T13:57:08","date_gmt":"2016-10-26T11:57:08","guid":{"rendered":"https:\/\/ordredemaltesuisse.org\/hohe-auszeichnung-der-slowakei-fuer-unsere-stiftung\/"},"modified":"2019-03-12T19:41:58","modified_gmt":"2019-03-12T18:41:58","slug":"hohe-auszeichnung-der-slowakei-fuer-unsere-stiftung","status":"publish","type":"post","link":"https:\/\/ordredemaltesuisse.org\/de\/hohe-auszeichnung-der-slowakei-fuer-unsere-stiftung\/","title":{"rendered":"Hohe Auszeichnung der Slowakei f\u00fcr unsere Stiftung"},"content":{"rendered":"<p>Anl\u00e4sslich des offiziellen Staatsbesuches des slowakischen Pr\u00e4sidenten H.E. Andrej Kiska und des slowakischen Aussenministers H.E. Miroslav Laj\u010d\u00e1k vom 21. Oktober 2016 in der Schweiz wurde unsere Stiftung f\u00fcr ihre humanit\u00e4re Hilfe ausgezeichnet. Anl\u00e4sslich einer feierlichen Zeremonie in den R\u00e4umen der Grand Soci\u00e9t\u00e9 in Bern wurde Guido St\u00f6ckli mit dem Goldenen Orden des slowakischen Aussenministers ausgezeichnet. [&#8230;]<\/p>\n<p>The post <a rel=\"nofollow\" href=\"https:\/\/aidass.ch\/hohe-auszeichnung-der-slowakei-fuer-unsere-stiftung\/\">Hohe Auszeichnung der Slowakei f\u00fcr unsere Stiftung<\/a> appeared first on <a rel=\"nofollow\" href=\"https:\/\/aidass.ch\">Fondation Aide et Assistance<\/a>.<\/p>\n","protected":false},"excerpt":{"rendered":"<p>Anl\u00e4sslich des offiziellen Staatsbesuches des slowakischen Pr\u00e4sidenten H.E. Andrej Kiska und des slowakischen Aussenministers H.E. Miroslav Laj\u010d\u00e1k vom 21. Oktober 2016 in der Schweiz wurde unsere Stiftung f\u00fcr ihre humanit\u00e4re Hilfe ausgezeichnet. Anl\u00e4sslich einer feierlichen Zeremonie in den R\u00e4umen der Grand Soci\u00e9t\u00e9 in Bern wurde Guido St\u00f6ckli mit dem Goldenen Orden des slowakischen Aussenministers ausgezeichnet. [&hellip;]<\/p>\n","protected":false},"author":1,"featured_media":0,"comment_status":"closed","ping_status":"closed","sticky":false,"template":"","format":"standard","meta":{"inline_featured_image":false,"footnotes":"","_links_to":"","_links_to_target":""},"categories":[92],"tags":[],"class_list":["post-3815","post","type-post","status-publish","format-standard","hentry","category-aidass-de"],"_links":{"self":[{"href":"https:\/\/ordredemaltesuisse.org\/de\/wp-json\/wp\/v2\/posts\/3815","targetHints":{"allow":["GET"]}}],"collection":[{"href":"https:\/\/ordredemaltesuisse.org\/de\/wp-json\/wp\/v2\/posts"}],"about":[{"href":"https:\/\/ordredemaltesuisse.org\/de\/wp-json\/wp\/v2\/types\/post"}],"author":[{"embeddable":true,"href":"https:\/\/ordredemaltesuisse.org\/de\/wp-json\/wp\/v2\/users\/1"}],"replies":[{"embeddable":true,"href":"https:\/\/ordredemaltesuisse.org\/de\/wp-json\/wp\/v2\/comments?post=3815"}],"version-history":[{"count":0,"href":"https:\/\/ordredemaltesuisse.org\/de\/wp-json\/wp\/v2\/posts\/3815\/revisions"}],"wp:attachment":[{"href":"https:\/\/ordredemaltesuisse.org\/de\/wp-json\/wp\/v2\/media?parent=3815"}],"wp:term":[{"taxonomy":"category","embeddable":true,"href":"https:\/\/ordredemaltesuisse.org\/de\/wp-json\/wp\/v2\/categories?post=3815"},{"taxonomy":"post_tag","embeddable":true,"href":"https:\/\/ordredemaltesuisse.org\/de\/wp-json\/wp\/v2\/tags?post=3815"}],"curies":[{"name":"wp","href":"https:\/\/api.w.org\/{rel}","templated":true}]}}