{"id":3816,"date":"2016-08-14T13:53:08","date_gmt":"2016-08-14T11:53:08","guid":{"rendered":"https:\/\/ordredemaltesuisse.org\/hilfslieferung-fuer-das-camp-liberty-in-albanien\/"},"modified":"2019-03-12T19:41:58","modified_gmt":"2019-03-12T18:41:58","slug":"hilfslieferung-fuer-das-camp-liberty-in-albanien","status":"publish","type":"post","link":"https:\/\/ordredemaltesuisse.org\/de\/hilfslieferung-fuer-das-camp-liberty-in-albanien\/","title":{"rendered":"Hilfslieferung f\u00fcr das Camp Liberty in Albanien"},"content":{"rendered":"<p>Im Monat Februar 2016 haben wir 36 elektrische Spitalbetten, Rollst\u00fchle, Pflegematerial und Spitalw\u00e4sche nach Albanien geliefert. Das Material ist f\u00fcr das Projekt Camp Liberty in Tirana bestimmt. Das Projekt wird von der Schweizer Stiftung Welle geleitet, die auch die Transportkosten \u00fcbernommen hat. Von uns stammte das gesamte Material. Dank unserer Hilfe konnten \u00fcber 1700 iranische [&#8230;]<\/p>\n<p>The post <a rel=\"nofollow\" href=\"https:\/\/aidass.ch\/hilfslieferung-fuer-das-camp-liberty-albanien\/\">Hilfslieferung f\u00fcr das Camp Liberty in Albanien<\/a> appeared first on <a rel=\"nofollow\" href=\"https:\/\/aidass.ch\">Fondation Aide et Assistance<\/a>.<\/p>\n","protected":false},"excerpt":{"rendered":"<p>Im Monat Februar 2016 haben wir 36 elektrische Spitalbetten, Rollst\u00fchle, Pflegematerial und Spitalw\u00e4sche nach Albanien geliefert. Das Material ist f\u00fcr das Projekt Camp Liberty in Tirana bestimmt. Das Projekt wird von der Schweizer Stiftung Welle geleitet, die auch die Transportkosten \u00fcbernommen hat. Von uns stammte das gesamte Material. Dank unserer Hilfe konnten \u00fcber 1700 iranische [&hellip;]<\/p>\n","protected":false},"author":1,"featured_media":0,"comment_status":"closed","ping_status":"closed","sticky":false,"template":"","format":"standard","meta":{"inline_featured_image":false,"footnotes":"","_links_to":"","_links_to_target":""},"categories":[92],"tags":[],"class_list":["post-3816","post","type-post","status-publish","format-standard","hentry","category-aidass-de"],"_links":{"self":[{"href":"https:\/\/ordredemaltesuisse.org\/de\/wp-json\/wp\/v2\/posts\/3816","targetHints":{"allow":["GET"]}}],"collection":[{"href":"https:\/\/ordredemaltesuisse.org\/de\/wp-json\/wp\/v2\/posts"}],"about":[{"href":"https:\/\/ordredemaltesuisse.org\/de\/wp-json\/wp\/v2\/types\/post"}],"author":[{"embeddable":true,"href":"https:\/\/ordredemaltesuisse.org\/de\/wp-json\/wp\/v2\/users\/1"}],"replies":[{"embeddable":true,"href":"https:\/\/ordredemaltesuisse.org\/de\/wp-json\/wp\/v2\/comments?post=3816"}],"version-history":[{"count":0,"href":"https:\/\/ordredemaltesuisse.org\/de\/wp-json\/wp\/v2\/posts\/3816\/revisions"}],"wp:attachment":[{"href":"https:\/\/ordredemaltesuisse.org\/de\/wp-json\/wp\/v2\/media?parent=3816"}],"wp:term":[{"taxonomy":"category","embeddable":true,"href":"https:\/\/ordredemaltesuisse.org\/de\/wp-json\/wp\/v2\/categories?post=3816"},{"taxonomy":"post_tag","embeddable":true,"href":"https:\/\/ordredemaltesuisse.org\/de\/wp-json\/wp\/v2\/tags?post=3816"}],"curies":[{"name":"wp","href":"https:\/\/api.w.org\/{rel}","templated":true}]}}