{"id":4438,"date":"2019-07-08T12:15:26","date_gmt":"2019-07-08T10:15:26","guid":{"rendered":"https:\/\/ordredemaltesuisse.org\/?p=4438"},"modified":"2019-07-08T14:02:19","modified_gmt":"2019-07-08T12:02:19","slug":"assisen-und-hochfest-des-johannes-des-taeufers-in-luzern","status":"publish","type":"post","link":"https:\/\/ordredemaltesuisse.org\/de\/assisen-und-hochfest-des-johannes-des-taeufers-in-luzern\/","title":{"rendered":"Assisen und Hochfest des Johannes des T\u00e4ufers in Luzern"},"content":{"rendered":"<p><span style=\"color: #000000;\"><span style=\"font-family: -webkit-standard, serif;\"><span lang=\"de-CH\">Der H\u00f6hepunkt des Jahres f\u00fcr den Malteserorden ist die Feier des Festes unseres Ordenspatrons Johannes der T\u00e4ufer mit gleichzeitiger Aufnahme von neuen Mitgliedern. Davor findet die Generalversammlung statt. An diesem Anlass in Luzern haben am 22. und 23. Juni mehr als 250 Personen teilgenommen, Ordensritter und -damen aber auch aktive des Hospitaldienstes. Der feierliche Glanzpunkt war das von Nuntius Msgr. Thomas E. Gullickson am Sonntag zelebrierte Pontifikalamt in der Jesuitenkirche.<\/span><\/span><\/span><\/p>\n\n\t\t<style type=\"text\/css\">\n\t\t\t#gallery-1 {\n\t\t\t\tmargin: auto;\n\t\t\t}\n\t\t\t#gallery-1 .gallery-item {\n\t\t\t\tfloat: left;\n\t\t\t\tmargin-top: 10px;\n\t\t\t\ttext-align: center;\n\t\t\t\twidth: 50%;\n\t\t\t}\n\t\t\t#gallery-1 img {\n\t\t\t\tborder: 2px solid #cfcfcf;\n\t\t\t}\n\t\t\t#gallery-1 .gallery-caption {\n\t\t\t\tmargin-left: 0;\n\t\t\t}\n\t\t\t\/* see gallery_shortcode() in wp-includes\/media.php *\/\n\t\t<\/style>\n\t\t<div id='gallery-1' class='gallery galleryid-4438 gallery-columns-2 gallery-size-large'><dl class='gallery-item'>\n\t\t\t<dt class='gallery-icon landscape'>\n\t\t\t\t<img loading=\"lazy\" decoding=\"async\" width=\"705\" height=\"470\" src=\"https:\/\/ordredemaltesuisse.org\/wp-content\/uploads\/sites\/3\/2019\/07\/Assisen-2-1-705x470.jpg\" class=\"attachment-large size-large\" alt=\"\" srcset=\"https:\/\/ordredemaltesuisse.org\/wp-content\/uploads\/sites\/3\/2019\/07\/Assisen-2-1-705x470.jpg 705w, https:\/\/ordredemaltesuisse.org\/wp-content\/uploads\/sites\/3\/2019\/07\/Assisen-2-1-303x202.jpg 303w, https:\/\/ordredemaltesuisse.org\/wp-content\/uploads\/sites\/3\/2019\/07\/Assisen-2-1-768x512.jpg 768w, https:\/\/ordredemaltesuisse.org\/wp-content\/uploads\/sites\/3\/2019\/07\/Assisen-2-1-600x400.jpg 600w\" sizes=\"auto, (max-width: 705px) 100vw, 705px\" \/>\n\t\t\t<\/dt><\/dl><dl class='gallery-item'>\n\t\t\t<dt class='gallery-icon landscape'>\n\t\t\t\t<img loading=\"lazy\" decoding=\"async\" width=\"178\" height=\"178\" src=\"https:\/\/ordredemaltesuisse.org\/wp-content\/uploads\/sites\/3\/2019\/07\/Assisen-4.jpg\" class=\"attachment-large size-large\" alt=\"\" srcset=\"https:\/\/ordredemaltesuisse.org\/wp-content\/uploads\/sites\/3\/2019\/07\/Assisen-4.jpg 178w, https:\/\/ordredemaltesuisse.org\/wp-content\/uploads\/sites\/3\/2019\/07\/Assisen-4-150x150.jpg 150w\" sizes=\"auto, (max-width: 178px) 100vw, 178px\" \/>\n\t\t\t<\/dt><\/dl><br style=\"clear: both\" \/><dl class='gallery-item'>\n\t\t\t<dt class='gallery-icon landscape'>\n\t\t\t\t<img loading=\"lazy\" decoding=\"async\" width=\"705\" height=\"470\" src=\"https:\/\/ordredemaltesuisse.org\/wp-content\/uploads\/sites\/3\/2019\/07\/Assisen-3-1-705x470.jpg\" class=\"attachment-large size-large\" alt=\"\" srcset=\"https:\/\/ordredemaltesuisse.org\/wp-content\/uploads\/sites\/3\/2019\/07\/Assisen-3-1-705x470.jpg 705w, https:\/\/ordredemaltesuisse.org\/wp-content\/uploads\/sites\/3\/2019\/07\/Assisen-3-1-303x202.jpg 303w, https:\/\/ordredemaltesuisse.org\/wp-content\/uploads\/sites\/3\/2019\/07\/Assisen-3-1-768x512.jpg 768w, https:\/\/ordredemaltesuisse.org\/wp-content\/uploads\/sites\/3\/2019\/07\/Assisen-3-1-600x400.jpg 600w\" sizes=\"auto, (max-width: 705px) 100vw, 705px\" \/>\n\t\t\t<\/dt><\/dl><dl class='gallery-item'>\n\t\t\t<dt class='gallery-icon landscape'>\n\t\t\t\t<img loading=\"lazy\" decoding=\"async\" width=\"705\" height=\"470\" src=\"https:\/\/ordredemaltesuisse.org\/wp-content\/uploads\/sites\/3\/2019\/07\/Assisen-5-1-705x470.jpg\" class=\"attachment-large size-large\" alt=\"\" srcset=\"https:\/\/ordredemaltesuisse.org\/wp-content\/uploads\/sites\/3\/2019\/07\/Assisen-5-1-705x470.jpg 705w, https:\/\/ordredemaltesuisse.org\/wp-content\/uploads\/sites\/3\/2019\/07\/Assisen-5-1-303x202.jpg 303w, https:\/\/ordredemaltesuisse.org\/wp-content\/uploads\/sites\/3\/2019\/07\/Assisen-5-1-768x512.jpg 768w, https:\/\/ordredemaltesuisse.org\/wp-content\/uploads\/sites\/3\/2019\/07\/Assisen-5-1-600x400.jpg 600w\" sizes=\"auto, (max-width: 705px) 100vw, 705px\" \/>\n\t\t\t<\/dt><\/dl><br style=\"clear: both\" \/><dl class='gallery-item'>\n\t\t\t<dt class='gallery-icon landscape'>\n\t\t\t\t<img loading=\"lazy\" decoding=\"async\" width=\"178\" height=\"178\" src=\"https:\/\/ordredemaltesuisse.org\/wp-content\/uploads\/sites\/3\/2019\/07\/Assisen-6-2.jpg\" class=\"attachment-large size-large\" alt=\"\" srcset=\"https:\/\/ordredemaltesuisse.org\/wp-content\/uploads\/sites\/3\/2019\/07\/Assisen-6-2.jpg 178w, https:\/\/ordredemaltesuisse.org\/wp-content\/uploads\/sites\/3\/2019\/07\/Assisen-6-2-150x150.jpg 150w\" sizes=\"auto, (max-width: 178px) 100vw, 178px\" \/>\n\t\t\t<\/dt><\/dl>\n\t\t\t<br style='clear: both' \/>\n\t\t<\/div>\n\n<p>&nbsp;<\/p>\n<p>&nbsp;<\/p>\n<p>&nbsp;<\/p>\n","protected":false},"excerpt":{"rendered":"<p>Der H\u00f6hepunkt des Jahres f\u00fcr den Malteserorden ist die Feier des Festes unseres Ordenspatrons Johannes der T\u00e4ufer mit gleichzeitiger Aufnahme von neuen Mitgliedern. Davor findet die Generalversammlung statt. An diesem Anlass in Luzern haben am 22. und 23. Juni mehr als 250 Personen teilgenommen, Ordensritter und -damen aber auch aktive des Hospitaldienstes. Der feierliche Glanzpunkt [&hellip;]<\/p>\n","protected":false},"author":2,"featured_media":4510,"comment_status":"closed","ping_status":"closed","sticky":false,"template":"","format":"standard","meta":{"inline_featured_image":false,"footnotes":"","_links_to":"","_links_to_target":""},"categories":[86],"tags":[],"class_list":["post-4438","post","type-post","status-publish","format-standard","has-post-thumbnail","hentry","category-aktuelle-nachrichten"],"_links":{"self":[{"href":"https:\/\/ordredemaltesuisse.org\/de\/wp-json\/wp\/v2\/posts\/4438","targetHints":{"allow":["GET"]}}],"collection":[{"href":"https:\/\/ordredemaltesuisse.org\/de\/wp-json\/wp\/v2\/posts"}],"about":[{"href":"https:\/\/ordredemaltesuisse.org\/de\/wp-json\/wp\/v2\/types\/post"}],"author":[{"embeddable":true,"href":"https:\/\/ordredemaltesuisse.org\/de\/wp-json\/wp\/v2\/users\/2"}],"replies":[{"embeddable":true,"href":"https:\/\/ordredemaltesuisse.org\/de\/wp-json\/wp\/v2\/comments?post=4438"}],"version-history":[{"count":0,"href":"https:\/\/ordredemaltesuisse.org\/de\/wp-json\/wp\/v2\/posts\/4438\/revisions"}],"wp:featuredmedia":[{"embeddable":true,"href":"https:\/\/ordredemaltesuisse.org\/de\/wp-json\/wp\/v2\/media\/4510"}],"wp:attachment":[{"href":"https:\/\/ordredemaltesuisse.org\/de\/wp-json\/wp\/v2\/media?parent=4438"}],"wp:term":[{"taxonomy":"category","embeddable":true,"href":"https:\/\/ordredemaltesuisse.org\/de\/wp-json\/wp\/v2\/categories?post=4438"},{"taxonomy":"post_tag","embeddable":true,"href":"https:\/\/ordredemaltesuisse.org\/de\/wp-json\/wp\/v2\/tags?post=4438"}],"curies":[{"name":"wp","href":"https:\/\/api.w.org\/{rel}","templated":true}]}}