{"id":4599,"date":"2019-09-05T09:05:16","date_gmt":"2019-09-05T07:05:16","guid":{"rendered":"https:\/\/ordredemaltesuisse.org\/?p=4599"},"modified":"2019-09-12T09:12:39","modified_gmt":"2019-09-12T07:12:39","slug":"ausbildungswochenende-mit-kandidaten-in-solothurn","status":"publish","type":"post","link":"https:\/\/ordredemaltesuisse.org\/de\/ausbildungswochenende-mit-kandidaten-in-solothurn\/","title":{"rendered":"Ausbildungswochenende mit Kandidaten in Solothurn"},"content":{"rendered":"<p><span style=\"color: #000000;\"><span style=\"font-family: -webkit-standard, serif;\"><span lang=\"de-CH\">Am 31. August\/1. September 2019 erhielten 11 Kandidaten, die sich zur Aufnahme in den Malteserorden vorbreiten, eine Einf\u00fchrung in dessen Geschichte, Organisation, karitative T\u00e4tigkeiten, diplomatische Aktivit\u00e4ten und religi\u00f6se Aspekte des Ordens.<\/span><\/span><\/span><\/p>\n","protected":false},"excerpt":{"rendered":"<p>Am 31. August\/1. September 2019 erhielten 11 Kandidaten, die sich zur Aufnahme in den Malteserorden vorbreiten, eine Einf\u00fchrung in dessen Geschichte, Organisation, karitative T\u00e4tigkeiten, diplomatische Aktivit\u00e4ten und religi\u00f6se Aspekte des Ordens.<\/p>\n","protected":false},"author":2,"featured_media":4603,"comment_status":"closed","ping_status":"closed","sticky":false,"template":"","format":"standard","meta":{"inline_featured_image":false,"footnotes":"","_links_to":"","_links_to_target":""},"categories":[86],"tags":[],"class_list":["post-4599","post","type-post","status-publish","format-standard","has-post-thumbnail","hentry","category-aktuelle-nachrichten"],"_links":{"self":[{"href":"https:\/\/ordredemaltesuisse.org\/de\/wp-json\/wp\/v2\/posts\/4599","targetHints":{"allow":["GET"]}}],"collection":[{"href":"https:\/\/ordredemaltesuisse.org\/de\/wp-json\/wp\/v2\/posts"}],"about":[{"href":"https:\/\/ordredemaltesuisse.org\/de\/wp-json\/wp\/v2\/types\/post"}],"author":[{"embeddable":true,"href":"https:\/\/ordredemaltesuisse.org\/de\/wp-json\/wp\/v2\/users\/2"}],"replies":[{"embeddable":true,"href":"https:\/\/ordredemaltesuisse.org\/de\/wp-json\/wp\/v2\/comments?post=4599"}],"version-history":[{"count":0,"href":"https:\/\/ordredemaltesuisse.org\/de\/wp-json\/wp\/v2\/posts\/4599\/revisions"}],"wp:featuredmedia":[{"embeddable":true,"href":"https:\/\/ordredemaltesuisse.org\/de\/wp-json\/wp\/v2\/media\/4603"}],"wp:attachment":[{"href":"https:\/\/ordredemaltesuisse.org\/de\/wp-json\/wp\/v2\/media?parent=4599"}],"wp:term":[{"taxonomy":"category","embeddable":true,"href":"https:\/\/ordredemaltesuisse.org\/de\/wp-json\/wp\/v2\/categories?post=4599"},{"taxonomy":"post_tag","embeddable":true,"href":"https:\/\/ordredemaltesuisse.org\/de\/wp-json\/wp\/v2\/tags?post=4599"}],"curies":[{"name":"wp","href":"https:\/\/api.w.org\/{rel}","templated":true}]}}