{"id":4662,"date":"2019-10-08T10:25:06","date_gmt":"2019-10-08T08:25:06","guid":{"rendered":"https:\/\/ordredemaltesuisse.org\/?p=4662"},"modified":"2019-10-08T10:25:06","modified_gmt":"2019-10-08T08:25:06","slug":"besuch-des-praelaten-des-malteserordens-in-der-schweiz-und-treffen-mit-ordenskaplaenen","status":"publish","type":"post","link":"https:\/\/ordredemaltesuisse.org\/de\/besuch-des-praelaten-des-malteserordens-in-der-schweiz-und-treffen-mit-ordenskaplaenen\/","title":{"rendered":"Besuch des Pr\u00e4laten des Malteserordens in der Schweiz und Treffen mit Ordenskapl\u00e4nen"},"content":{"rendered":"<p>&nbsp;<\/p>\n<p>Vom 24. bis 26. September besuchte der Ordenspr\u00e4lat Erzbischof Mgr. Jean Laffitte aus Rom die Schweiz. Neben verschiedenen Unterredungen fand am 25. September in Reiden eine Treffen des Pr\u00e4laten mit Ordenskapl\u00e4nen aus der Schweiz und Liechtenstein statt.<\/p>\n<p>Gemeinsam feierten die Priester in der Johanneskirche in Reiden eine hl. Messe. Ziel der Begegnung war es, das Wirken der Kapl\u00e4ne im Orden zu st\u00e4rken und zu vertiefen. Anwesend waren neben dem Pr\u00e4sidenten der Helvetischen Assoziation auch der Hauptkaplan des Ordens in der Schweiz, Weihbischof Mgr. Alain de Raemy und sein Vorg\u00e4nger Weihbischof Mgr. Marian Eleganti.<\/p>\n<p>&nbsp;<\/p>\n\n\t\t<style type=\"text\/css\">\n\t\t\t#gallery-1 {\n\t\t\t\tmargin: auto;\n\t\t\t}\n\t\t\t#gallery-1 .gallery-item {\n\t\t\t\tfloat: left;\n\t\t\t\tmargin-top: 10px;\n\t\t\t\ttext-align: center;\n\t\t\t\twidth: 33%;\n\t\t\t}\n\t\t\t#gallery-1 img {\n\t\t\t\tborder: 2px solid #cfcfcf;\n\t\t\t}\n\t\t\t#gallery-1 .gallery-caption {\n\t\t\t\tmargin-left: 0;\n\t\t\t}\n\t\t\t\/* see gallery_shortcode() in wp-includes\/media.php *\/\n\t\t<\/style>\n\t\t<div id='gallery-1' class='gallery galleryid-4662 gallery-columns-3 gallery-size-full'><dl class='gallery-item'>\n\t\t\t<dt class='gallery-icon portrait'>\n\t\t\t\t<a href='https:\/\/ordredemaltesuisse.org\/de\/besuch-praelat_5\/'><img loading=\"lazy\" decoding=\"async\" width=\"1512\" height=\"2016\" src=\"https:\/\/ordredemaltesuisse.org\/wp-content\/uploads\/sites\/3\/2019\/10\/Besuch-Praelat_5-e1570521296818.jpg\" class=\"attachment-full size-full\" alt=\"\" srcset=\"https:\/\/ordredemaltesuisse.org\/wp-content\/uploads\/sites\/3\/2019\/10\/Besuch-Praelat_5-e1570521296818.jpg 1512w, https:\/\/ordredemaltesuisse.org\/wp-content\/uploads\/sites\/3\/2019\/10\/Besuch-Praelat_5-e1570521296818-152x202.jpg 152w, https:\/\/ordredemaltesuisse.org\/wp-content\/uploads\/sites\/3\/2019\/10\/Besuch-Praelat_5-e1570521296818-768x1024.jpg 768w, https:\/\/ordredemaltesuisse.org\/wp-content\/uploads\/sites\/3\/2019\/10\/Besuch-Praelat_5-e1570521296818-353x470.jpg 353w\" sizes=\"auto, (max-width: 1512px) 100vw, 1512px\" \/><\/a>\n\t\t\t<\/dt><\/dl><dl class='gallery-item'>\n\t\t\t<dt class='gallery-icon landscape'>\n\t\t\t\t<a href='https:\/\/ordredemaltesuisse.org\/de\/besuch-praelat_4\/'><img loading=\"lazy\" decoding=\"async\" width=\"2016\" height=\"1512\" src=\"https:\/\/ordredemaltesuisse.org\/wp-content\/uploads\/sites\/3\/2019\/10\/Besuch-Praelat_4.jpg\" class=\"attachment-full size-full\" alt=\"\" srcset=\"https:\/\/ordredemaltesuisse.org\/wp-content\/uploads\/sites\/3\/2019\/10\/Besuch-Praelat_4.jpg 2016w, https:\/\/ordredemaltesuisse.org\/wp-content\/uploads\/sites\/3\/2019\/10\/Besuch-Praelat_4-269x202.jpg 269w, https:\/\/ordredemaltesuisse.org\/wp-content\/uploads\/sites\/3\/2019\/10\/Besuch-Praelat_4-768x576.jpg 768w, https:\/\/ordredemaltesuisse.org\/wp-content\/uploads\/sites\/3\/2019\/10\/Besuch-Praelat_4-627x470.jpg 627w\" sizes=\"auto, (max-width: 2016px) 100vw, 2016px\" \/><\/a>\n\t\t\t<\/dt><\/dl><dl class='gallery-item'>\n\t\t\t<dt class='gallery-icon landscape'>\n\t\t\t\t<a href='https:\/\/ordredemaltesuisse.org\/de\/besuch-praelat_2\/'><img loading=\"lazy\" decoding=\"async\" width=\"1280\" height=\"960\" src=\"https:\/\/ordredemaltesuisse.org\/wp-content\/uploads\/sites\/3\/2019\/10\/Besuch-Praelat_2.jpg\" class=\"attachment-full size-full\" alt=\"\" srcset=\"https:\/\/ordredemaltesuisse.org\/wp-content\/uploads\/sites\/3\/2019\/10\/Besuch-Praelat_2.jpg 1280w, https:\/\/ordredemaltesuisse.org\/wp-content\/uploads\/sites\/3\/2019\/10\/Besuch-Praelat_2-269x202.jpg 269w, https:\/\/ordredemaltesuisse.org\/wp-content\/uploads\/sites\/3\/2019\/10\/Besuch-Praelat_2-768x576.jpg 768w, https:\/\/ordredemaltesuisse.org\/wp-content\/uploads\/sites\/3\/2019\/10\/Besuch-Praelat_2-627x470.jpg 627w\" sizes=\"auto, (max-width: 1280px) 100vw, 1280px\" \/><\/a>\n\t\t\t<\/dt><\/dl><br style=\"clear: both\" \/><dl class='gallery-item'>\n\t\t\t<dt class='gallery-icon landscape'>\n\t\t\t\t<a href='https:\/\/ordredemaltesuisse.org\/de\/besuch-praelat_1\/'><img loading=\"lazy\" decoding=\"async\" width=\"1280\" height=\"960\" src=\"https:\/\/ordredemaltesuisse.org\/wp-content\/uploads\/sites\/3\/2019\/10\/Besuch-Praelat_1.jpg\" class=\"attachment-full size-full\" alt=\"\" srcset=\"https:\/\/ordredemaltesuisse.org\/wp-content\/uploads\/sites\/3\/2019\/10\/Besuch-Praelat_1.jpg 1280w, https:\/\/ordredemaltesuisse.org\/wp-content\/uploads\/sites\/3\/2019\/10\/Besuch-Praelat_1-269x202.jpg 269w, https:\/\/ordredemaltesuisse.org\/wp-content\/uploads\/sites\/3\/2019\/10\/Besuch-Praelat_1-768x576.jpg 768w, https:\/\/ordredemaltesuisse.org\/wp-content\/uploads\/sites\/3\/2019\/10\/Besuch-Praelat_1-627x470.jpg 627w\" sizes=\"auto, (max-width: 1280px) 100vw, 1280px\" \/><\/a>\n\t\t\t<\/dt><\/dl>\n\t\t\t<br style='clear: both' \/>\n\t\t<\/div>\n\n","protected":false},"excerpt":{"rendered":"<p>&nbsp; Vom 24. bis 26. September besuchte der Ordenspr\u00e4lat Erzbischof Mgr. Jean Laffitte aus Rom die Schweiz. Neben verschiedenen Unterredungen fand am 25. September in Reiden eine Treffen des Pr\u00e4laten mit Ordenskapl\u00e4nen aus der Schweiz und Liechtenstein statt. Gemeinsam feierten die Priester in der Johanneskirche in Reiden eine hl. Messe. Ziel der Begegnung war es, [&hellip;]<\/p>\n","protected":false},"author":2,"featured_media":4667,"comment_status":"closed","ping_status":"closed","sticky":false,"template":"","format":"standard","meta":{"inline_featured_image":false,"footnotes":"","_links_to":"","_links_to_target":""},"categories":[86],"tags":[],"class_list":["post-4662","post","type-post","status-publish","format-standard","has-post-thumbnail","hentry","category-aktuelle-nachrichten"],"_links":{"self":[{"href":"https:\/\/ordredemaltesuisse.org\/de\/wp-json\/wp\/v2\/posts\/4662","targetHints":{"allow":["GET"]}}],"collection":[{"href":"https:\/\/ordredemaltesuisse.org\/de\/wp-json\/wp\/v2\/posts"}],"about":[{"href":"https:\/\/ordredemaltesuisse.org\/de\/wp-json\/wp\/v2\/types\/post"}],"author":[{"embeddable":true,"href":"https:\/\/ordredemaltesuisse.org\/de\/wp-json\/wp\/v2\/users\/2"}],"replies":[{"embeddable":true,"href":"https:\/\/ordredemaltesuisse.org\/de\/wp-json\/wp\/v2\/comments?post=4662"}],"version-history":[{"count":0,"href":"https:\/\/ordredemaltesuisse.org\/de\/wp-json\/wp\/v2\/posts\/4662\/revisions"}],"wp:featuredmedia":[{"embeddable":true,"href":"https:\/\/ordredemaltesuisse.org\/de\/wp-json\/wp\/v2\/media\/4667"}],"wp:attachment":[{"href":"https:\/\/ordredemaltesuisse.org\/de\/wp-json\/wp\/v2\/media?parent=4662"}],"wp:term":[{"taxonomy":"category","embeddable":true,"href":"https:\/\/ordredemaltesuisse.org\/de\/wp-json\/wp\/v2\/categories?post=4662"},{"taxonomy":"post_tag","embeddable":true,"href":"https:\/\/ordredemaltesuisse.org\/de\/wp-json\/wp\/v2\/tags?post=4662"}],"curies":[{"name":"wp","href":"https:\/\/api.w.org\/{rel}","templated":true}]}}