{"id":5284,"date":"2020-05-03T18:48:43","date_gmt":"2020-05-03T16:48:43","guid":{"rendered":"https:\/\/ordredemaltesuisse.org\/?p=5284"},"modified":"2020-05-03T18:53:05","modified_gmt":"2020-05-03T16:53:05","slug":"corona-pandemie","status":"publish","type":"post","link":"https:\/\/ordredemaltesuisse.org\/de\/corona-pandemie\/","title":{"rendered":"Corona-Pandemie"},"content":{"rendered":"<p>Sechs Kandidaten trafen sich am 29. Februar\/1. M\u00e4rz zu einem Ausbildungswochenende in Reiden (Foto, mit Ausbildnern und Paten). Das war die letzte Zusammenkunft unter Maltesern f\u00fcr eine lange Zeit. Wegen der Corona-Pandemie mussten alle Anl\u00e4sse von 2020 abgesagt oder verschoben werden, insbesondere:<\/p>\n<p>&#8211; Einkehrtag der Assoziation in Mariastein von Ende M\u00e4rz<\/p>\n<p>&#8211; Lourdes-Wallfahrt von anfangs Mai<\/p>\n<p>&#8211; Assisen und Generlversammlung in Sitten von Mitte Juni<\/p>\n<p>&#8211; Heiligland-Wallfahrt vom November.<\/p>\n<p>&nbsp;<\/p>\n","protected":false},"excerpt":{"rendered":"<p>Sechs Kandidaten trafen sich am 29. Februar\/1. M\u00e4rz zu einem Ausbildungswochenende in Reiden (Foto, mit Ausbildnern und Paten). Das war die letzte Zusammenkunft unter Maltesern f\u00fcr eine lange Zeit. Wegen der Corona-Pandemie mussten alle Anl\u00e4sse von 2020 abgesagt oder verschoben werden, insbesondere: &#8211; Einkehrtag der Assoziation in Mariastein von Ende M\u00e4rz &#8211; Lourdes-Wallfahrt von anfangs [&hellip;]<\/p>\n","protected":false},"author":6,"featured_media":5278,"comment_status":"closed","ping_status":"closed","sticky":false,"template":"","format":"standard","meta":{"inline_featured_image":false,"footnotes":"","_links_to":"","_links_to_target":""},"categories":[86],"tags":[],"class_list":["post-5284","post","type-post","status-publish","format-standard","has-post-thumbnail","hentry","category-aktuelle-nachrichten"],"_links":{"self":[{"href":"https:\/\/ordredemaltesuisse.org\/de\/wp-json\/wp\/v2\/posts\/5284","targetHints":{"allow":["GET"]}}],"collection":[{"href":"https:\/\/ordredemaltesuisse.org\/de\/wp-json\/wp\/v2\/posts"}],"about":[{"href":"https:\/\/ordredemaltesuisse.org\/de\/wp-json\/wp\/v2\/types\/post"}],"author":[{"embeddable":true,"href":"https:\/\/ordredemaltesuisse.org\/de\/wp-json\/wp\/v2\/users\/6"}],"replies":[{"embeddable":true,"href":"https:\/\/ordredemaltesuisse.org\/de\/wp-json\/wp\/v2\/comments?post=5284"}],"version-history":[{"count":0,"href":"https:\/\/ordredemaltesuisse.org\/de\/wp-json\/wp\/v2\/posts\/5284\/revisions"}],"wp:featuredmedia":[{"embeddable":true,"href":"https:\/\/ordredemaltesuisse.org\/de\/wp-json\/wp\/v2\/media\/5278"}],"wp:attachment":[{"href":"https:\/\/ordredemaltesuisse.org\/de\/wp-json\/wp\/v2\/media?parent=5284"}],"wp:term":[{"taxonomy":"category","embeddable":true,"href":"https:\/\/ordredemaltesuisse.org\/de\/wp-json\/wp\/v2\/categories?post=5284"},{"taxonomy":"post_tag","embeddable":true,"href":"https:\/\/ordredemaltesuisse.org\/de\/wp-json\/wp\/v2\/tags?post=5284"}],"curies":[{"name":"wp","href":"https:\/\/api.w.org\/{rel}","templated":true}]}}