{"id":5394,"date":"2020-06-18T16:18:25","date_gmt":"2020-06-18T14:18:25","guid":{"rendered":"https:\/\/ordredemaltesuisse.org\/der-interims-statthalter-trifft-mitglieder-arzte-und-freiwillige-des-malteserordens-dank-fur-den-kampf-gegen-das-covid-19\/"},"modified":"2020-07-11T18:15:11","modified_gmt":"2020-07-11T16:15:11","slug":"der-interims-statthalter-trifft-mitglieder-arzte-und-freiwillige-des-malteserordens-dank-fur-den-kampf-gegen-das-covid-19","status":"publish","type":"post","link":"https:\/\/ordredemaltesuisse.org\/de\/der-interims-statthalter-trifft-mitglieder-arzte-und-freiwillige-des-malteserordens-dank-fur-den-kampf-gegen-das-covid-19\/","title":{"rendered":"Der Interims-Statthalter trifft Mitglieder, \u00c4rzte und Freiwillige des Malteserordens: Dank f\u00fcr den Kampf gegen das Covid-19"},"content":{"rendered":"<p>Liebe Ehrenamtliche des Malteserordens,<br \/> Ich m\u00f6chte meine Anerkennung und die des Souver\u00e4nen Rates allen Ordensmitgliedern, Freiwilligen, \u00c4rzten und Sanit\u00e4tern aussprechen, die unter unserem wei\u00dfen achtspitzigen Kreuz mit der einfachsten Geste, einer ausgestreckten Hand, Solidarit\u00e4t und Trost gespendet haben.<br \/> In Ihren Augen kann ich die Hingabe und Liebe sehen, mit der Tausende von Mitgliedern und Freiwilligen in unseren Gro\u00dfprioraten, nationalen Assoziationen, Delegationen und den Hilfsdiensten des Malteserordens weltweit den Kranken, ihren Familien, den isolierten alten Menschen, den Armen und den Ausgegrenzten Hilfe und Unterst\u00fctzung gebracht haben.<\/p>\n<p>The post <a rel=\"nofollow\" href=\"https:\/\/www.orderofmalta.int\/de\/2020\/06\/18\/interims-statthalter-trifft-mitglieder-arzte-freiwillige-des-ordens-dank-kampf-gegen-covid19\/\">Der Interims-Statthalter trifft Mitglieder, \u00c4rzte und Freiwillige des Malteserordens: Dank f\u00fcr den Kampf gegen das Covid-19<\/a> appeared first on <a rel=\"nofollow\" href=\"https:\/\/www.orderofmalta.int\/de\/\">Order of Malta<\/a>.<\/p>\n","protected":false},"excerpt":{"rendered":"<p>Liebe Ehrenamtliche des Malteserordens, Ich m\u00f6chte meine Anerkennung und die des Souver\u00e4nen Rates allen Ordensmitgliedern, Freiwilligen, \u00c4rzten und Sanit\u00e4tern aussprechen, die unter unserem wei\u00dfen achtspitzigen Kreuz mit der einfachsten Geste, einer ausgestreckten Hand, Solidarit\u00e4t und Trost gespendet haben. In Ihren Augen kann ich die Hingabe und Liebe sehen, mit der Tausende von Mitgliedern und Freiwilligen [&hellip;]<\/p>\n","protected":false},"author":0,"featured_media":0,"comment_status":"closed","ping_status":"closed","sticky":false,"template":"","format":"standard","meta":{"inline_featured_image":false,"footnotes":"","_links_to":"","_links_to_target":""},"categories":[119,113],"tags":[115],"class_list":["post-5394","post","type-post","status-publish","format-standard","hentry","category-de","category-internationale-news","tag-breaking"],"_links":{"self":[{"href":"https:\/\/ordredemaltesuisse.org\/de\/wp-json\/wp\/v2\/posts\/5394","targetHints":{"allow":["GET"]}}],"collection":[{"href":"https:\/\/ordredemaltesuisse.org\/de\/wp-json\/wp\/v2\/posts"}],"about":[{"href":"https:\/\/ordredemaltesuisse.org\/de\/wp-json\/wp\/v2\/types\/post"}],"replies":[{"embeddable":true,"href":"https:\/\/ordredemaltesuisse.org\/de\/wp-json\/wp\/v2\/comments?post=5394"}],"version-history":[{"count":0,"href":"https:\/\/ordredemaltesuisse.org\/de\/wp-json\/wp\/v2\/posts\/5394\/revisions"}],"wp:attachment":[{"href":"https:\/\/ordredemaltesuisse.org\/de\/wp-json\/wp\/v2\/media?parent=5394"}],"wp:term":[{"taxonomy":"category","embeddable":true,"href":"https:\/\/ordredemaltesuisse.org\/de\/wp-json\/wp\/v2\/categories?post=5394"},{"taxonomy":"post_tag","embeddable":true,"href":"https:\/\/ordredemaltesuisse.org\/de\/wp-json\/wp\/v2\/tags?post=5394"}],"curies":[{"name":"wp","href":"https:\/\/api.w.org\/{rel}","templated":true}]}}