{"id":5401,"date":"2020-06-19T15:52:19","date_gmt":"2020-06-19T13:52:19","guid":{"rendered":"https:\/\/ordredemaltesuisse.org\/das-engagement-des-malteserordens-zur-bekampfung-von-covid-19-in-einem-video\/"},"modified":"2020-07-11T18:15:10","modified_gmt":"2020-07-11T16:15:10","slug":"das-engagement-des-malteserordens-zur-bekampfung-von-covid-19-in-einem-video","status":"publish","type":"post","link":"https:\/\/ordredemaltesuisse.org\/de\/das-engagement-des-malteserordens-zur-bekampfung-von-covid-19-in-einem-video\/","title":{"rendered":"Das Engagement des Malteserordens zur Bek\u00e4mpfung von Covid-19 in einem Video"},"content":{"rendered":"<p>Die Covid-19-Pandemie beeintr\u00e4chtigt die Arbeit des Malteserordens zutiefst: Die Hilfsorganisationen, die \u00fcber die ganze Welt verteilt sind und sozialmedizinische Betreuung anbieten, mussten sich auf diese beispiellose Gesundheitskrise einstellen.<\/p>\n<p>The post <a rel=\"nofollow\" href=\"https:\/\/www.orderofmalta.int\/de\/2020\/06\/19\/engagement-malteserordens-zur-bekampfung-covid19-video\/\">Das Engagement des Malteserordens zur Bek\u00e4mpfung von Covid-19 in einem Video<\/a> appeared first on <a rel=\"nofollow\" href=\"https:\/\/www.orderofmalta.int\/de\/\">Order of Malta<\/a>.<\/p>\n","protected":false},"excerpt":{"rendered":"<p>Die Covid-19-Pandemie beeintr\u00e4chtigt die Arbeit des Malteserordens zutiefst: Die Hilfsorganisationen, die \u00fcber die ganze Welt verteilt sind und sozialmedizinische Betreuung anbieten, mussten sich auf diese beispiellose Gesundheitskrise einstellen. The post Das Engagement des Malteserordens zur Bek\u00e4mpfung von Covid-19 in einem Video appeared first on Order of Malta.<\/p>\n","protected":false},"author":0,"featured_media":0,"comment_status":"closed","ping_status":"closed","sticky":false,"template":"","format":"standard","meta":{"inline_featured_image":false,"footnotes":"","_links_to":"","_links_to_target":""},"categories":[119,113],"tags":[115],"class_list":["post-5401","post","type-post","status-publish","format-standard","hentry","category-de","category-internationale-news","tag-breaking"],"_links":{"self":[{"href":"https:\/\/ordredemaltesuisse.org\/de\/wp-json\/wp\/v2\/posts\/5401","targetHints":{"allow":["GET"]}}],"collection":[{"href":"https:\/\/ordredemaltesuisse.org\/de\/wp-json\/wp\/v2\/posts"}],"about":[{"href":"https:\/\/ordredemaltesuisse.org\/de\/wp-json\/wp\/v2\/types\/post"}],"replies":[{"embeddable":true,"href":"https:\/\/ordredemaltesuisse.org\/de\/wp-json\/wp\/v2\/comments?post=5401"}],"version-history":[{"count":0,"href":"https:\/\/ordredemaltesuisse.org\/de\/wp-json\/wp\/v2\/posts\/5401\/revisions"}],"wp:attachment":[{"href":"https:\/\/ordredemaltesuisse.org\/de\/wp-json\/wp\/v2\/media?parent=5401"}],"wp:term":[{"taxonomy":"category","embeddable":true,"href":"https:\/\/ordredemaltesuisse.org\/de\/wp-json\/wp\/v2\/categories?post=5401"},{"taxonomy":"post_tag","embeddable":true,"href":"https:\/\/ordredemaltesuisse.org\/de\/wp-json\/wp\/v2\/tags?post=5401"}],"curies":[{"name":"wp","href":"https:\/\/api.w.org\/{rel}","templated":true}]}}