{"id":5406,"date":"2020-06-19T07:54:43","date_gmt":"2020-06-19T05:54:43","guid":{"rendered":"https:\/\/ordredemaltesuisse.org\/sudafrikanische-arzte-nehmen-an-der-neuen-online-diskussion-von-doctor-to-doctor-teil\/"},"modified":"2020-07-11T18:15:10","modified_gmt":"2020-07-11T16:15:10","slug":"sudafrikanische-arzte-nehmen-an-der-neuen-online-diskussion-von-doctor-to-doctor-teil","status":"publish","type":"post","link":"https:\/\/ordredemaltesuisse.org\/de\/sudafrikanische-arzte-nehmen-an-der-neuen-online-diskussion-von-doctor-to-doctor-teil\/","title":{"rendered":"S\u00fcdafrikanische \u00c4rzte nehmen an der neuen Online-Diskussion von Doctor to Doctor teil"},"content":{"rendered":"<p>Welche Rolle spielt die Herdenimmunit\u00e4t bei der Behandlung von Covid 19? Gibt es Studien, die den Zusammenhang zwischen Morbidit\u00e4t oder Mortalit\u00e4t von Covid 19 und Tuberkulose und HIV untersuchen?<\/p>\n<p>The post <a rel=\"nofollow\" href=\"https:\/\/www.orderofmalta.int\/de\/2020\/06\/19\/suedafrikanische-aerzte-nehmen-neuen-online-diskussion-doctor-to-doctor-teil\/\">S\u00fcdafrikanische \u00c4rzte nehmen an der neuen Online-Diskussion von Doctor to Doctor teil<\/a> appeared first on <a rel=\"nofollow\" href=\"https:\/\/www.orderofmalta.int\/de\/\">Order of Malta<\/a>.<\/p>\n","protected":false},"excerpt":{"rendered":"<p>Welche Rolle spielt die Herdenimmunit\u00e4t bei der Behandlung von Covid 19? Gibt es Studien, die den Zusammenhang zwischen Morbidit\u00e4t oder Mortalit\u00e4t von Covid 19 und Tuberkulose und HIV untersuchen? The post S\u00fcdafrikanische \u00c4rzte nehmen an der neuen Online-Diskussion von Doctor to Doctor teil appeared first on Order of Malta.<\/p>\n","protected":false},"author":0,"featured_media":0,"comment_status":"closed","ping_status":"closed","sticky":false,"template":"","format":"standard","meta":{"inline_featured_image":false,"footnotes":"","_links_to":"","_links_to_target":""},"categories":[119,113],"tags":[115],"class_list":["post-5406","post","type-post","status-publish","format-standard","hentry","category-de","category-internationale-news","tag-breaking"],"_links":{"self":[{"href":"https:\/\/ordredemaltesuisse.org\/de\/wp-json\/wp\/v2\/posts\/5406","targetHints":{"allow":["GET"]}}],"collection":[{"href":"https:\/\/ordredemaltesuisse.org\/de\/wp-json\/wp\/v2\/posts"}],"about":[{"href":"https:\/\/ordredemaltesuisse.org\/de\/wp-json\/wp\/v2\/types\/post"}],"replies":[{"embeddable":true,"href":"https:\/\/ordredemaltesuisse.org\/de\/wp-json\/wp\/v2\/comments?post=5406"}],"version-history":[{"count":0,"href":"https:\/\/ordredemaltesuisse.org\/de\/wp-json\/wp\/v2\/posts\/5406\/revisions"}],"wp:attachment":[{"href":"https:\/\/ordredemaltesuisse.org\/de\/wp-json\/wp\/v2\/media?parent=5406"}],"wp:term":[{"taxonomy":"category","embeddable":true,"href":"https:\/\/ordredemaltesuisse.org\/de\/wp-json\/wp\/v2\/categories?post=5406"},{"taxonomy":"post_tag","embeddable":true,"href":"https:\/\/ordredemaltesuisse.org\/de\/wp-json\/wp\/v2\/tags?post=5406"}],"curies":[{"name":"wp","href":"https:\/\/api.w.org\/{rel}","templated":true}]}}