{"id":5409,"date":"2020-06-23T10:07:09","date_gmt":"2020-06-23T08:07:09","guid":{"rendered":"https:\/\/ordredemaltesuisse.org\/das-krankenhaus-des-malteserordens-in-rom-feiert-den-heiligen-johannes-den-taufer\/"},"modified":"2020-07-11T18:15:10","modified_gmt":"2020-07-11T16:15:10","slug":"das-krankenhaus-des-malteserordens-in-rom-feiert-den-heiligen-johannes-den-taufer","status":"publish","type":"post","link":"https:\/\/ordredemaltesuisse.org\/de\/das-krankenhaus-des-malteserordens-in-rom-feiert-den-heiligen-johannes-den-taufer\/","title":{"rendered":"Das Krankenhaus des Malteserordens in Rom feiert den heiligen Johannes den T\u00e4ufer"},"content":{"rendered":"<p>In diesem Jahr war es weder m\u00f6glich, die Zeltkonstruktion zu verwenden, noch die Patienten daran teilnehmen zu lassen. Obwohl die Verbreitung des Coronavirus in ganz Italien r\u00fcckl\u00e4ufig ist, m\u00fcssen Sorgfalt und Vorsichtsma\u00dfnahmen beibehalten werden<\/p>\n<p>The post <a rel=\"nofollow\" href=\"https:\/\/www.orderofmalta.int\/de\/2020\/06\/23\/krankenhaus-malteserorden-rom-feiert-heiligen-johannes-taeufer\/\">Das Krankenhaus des Malteserordens in Rom feiert den heiligen Johannes den T\u00e4ufer<\/a> appeared first on <a rel=\"nofollow\" href=\"https:\/\/www.orderofmalta.int\/de\/\">Order of Malta<\/a>.<\/p>\n","protected":false},"excerpt":{"rendered":"<p>In diesem Jahr war es weder m\u00f6glich, die Zeltkonstruktion zu verwenden, noch die Patienten daran teilnehmen zu lassen. Obwohl die Verbreitung des Coronavirus in ganz Italien r\u00fcckl\u00e4ufig ist, m\u00fcssen Sorgfalt und Vorsichtsma\u00dfnahmen beibehalten werden The post Das Krankenhaus des Malteserordens in Rom feiert den heiligen Johannes den T\u00e4ufer appeared first on Order of Malta.<\/p>\n","protected":false},"author":0,"featured_media":0,"comment_status":"closed","ping_status":"closed","sticky":false,"template":"","format":"standard","meta":{"inline_featured_image":false,"footnotes":"","_links_to":"","_links_to_target":""},"categories":[119,113],"tags":[115],"class_list":["post-5409","post","type-post","status-publish","format-standard","hentry","category-de","category-internationale-news","tag-breaking"],"_links":{"self":[{"href":"https:\/\/ordredemaltesuisse.org\/de\/wp-json\/wp\/v2\/posts\/5409","targetHints":{"allow":["GET"]}}],"collection":[{"href":"https:\/\/ordredemaltesuisse.org\/de\/wp-json\/wp\/v2\/posts"}],"about":[{"href":"https:\/\/ordredemaltesuisse.org\/de\/wp-json\/wp\/v2\/types\/post"}],"replies":[{"embeddable":true,"href":"https:\/\/ordredemaltesuisse.org\/de\/wp-json\/wp\/v2\/comments?post=5409"}],"version-history":[{"count":0,"href":"https:\/\/ordredemaltesuisse.org\/de\/wp-json\/wp\/v2\/posts\/5409\/revisions"}],"wp:attachment":[{"href":"https:\/\/ordredemaltesuisse.org\/de\/wp-json\/wp\/v2\/media?parent=5409"}],"wp:term":[{"taxonomy":"category","embeddable":true,"href":"https:\/\/ordredemaltesuisse.org\/de\/wp-json\/wp\/v2\/categories?post=5409"},{"taxonomy":"post_tag","embeddable":true,"href":"https:\/\/ordredemaltesuisse.org\/de\/wp-json\/wp\/v2\/tags?post=5409"}],"curies":[{"name":"wp","href":"https:\/\/api.w.org\/{rel}","templated":true}]}}