{"id":5423,"date":"2020-07-03T17:38:09","date_gmt":"2020-07-03T15:38:09","guid":{"rendered":"https:\/\/ordredemaltesuisse.org\/covid-19-der-premierminister-begrust-das-in-kamerun-stationierte-medizinische-notfallteam-von-malteser-international\/"},"modified":"2020-07-11T18:15:10","modified_gmt":"2020-07-11T16:15:10","slug":"covid-19-der-premierminister-begrust-das-in-kamerun-stationierte-medizinische-notfallteam-von-malteser-international","status":"publish","type":"post","link":"https:\/\/ordredemaltesuisse.org\/de\/covid-19-der-premierminister-begrust-das-in-kamerun-stationierte-medizinische-notfallteam-von-malteser-international\/","title":{"rendered":"Covid 19: Der Premierminister begr\u00fc\u00dft das in Kamerun stationierte medizinische Notfallteam von Malteser International"},"content":{"rendered":"<p>Das Emergency Medical Team von Malteser International, das vor einigen Tagen in Kamerun eingesetzt wurde, um die Gesundheitsbeh\u00f6rden bei der Bew\u00e4ltigung der steigenden Zahl von Covid-19-Infektionen im Land zu unterst\u00fctzen, wurde am Montag vom kamerunischen Premierminister Joseph Dio Ngute begr\u00fc\u00dft.<\/p>\n<p>The post <a rel=\"nofollow\" href=\"https:\/\/www.orderofmalta.int\/de\/2020\/07\/03\/covid-19-der-premierminister-begruesst-das-in-kamerun-stationierte-medizinische-notfallteam-von-malteser-international\/\">Covid 19: Der Premierminister begr\u00fc\u00dft das in Kamerun stationierte medizinische Notfallteam von Malteser International<\/a> appeared first on <a rel=\"nofollow\" href=\"https:\/\/www.orderofmalta.int\/de\/\">Order of Malta<\/a>.<\/p>\n","protected":false},"excerpt":{"rendered":"<p>Das Emergency Medical Team von Malteser International, das vor einigen Tagen in Kamerun eingesetzt wurde, um die Gesundheitsbeh\u00f6rden bei der Bew\u00e4ltigung der steigenden Zahl von Covid-19-Infektionen im Land zu unterst\u00fctzen, wurde am Montag vom kamerunischen Premierminister Joseph Dio Ngute begr\u00fc\u00dft. The post Covid 19: Der Premierminister begr\u00fc\u00dft das in Kamerun stationierte medizinische Notfallteam von Malteser [&hellip;]<\/p>\n","protected":false},"author":0,"featured_media":0,"comment_status":"closed","ping_status":"closed","sticky":false,"template":"","format":"standard","meta":{"inline_featured_image":false,"footnotes":"","_links_to":"","_links_to_target":""},"categories":[119,113],"tags":[115],"class_list":["post-5423","post","type-post","status-publish","format-standard","hentry","category-de","category-internationale-news","tag-breaking"],"_links":{"self":[{"href":"https:\/\/ordredemaltesuisse.org\/de\/wp-json\/wp\/v2\/posts\/5423","targetHints":{"allow":["GET"]}}],"collection":[{"href":"https:\/\/ordredemaltesuisse.org\/de\/wp-json\/wp\/v2\/posts"}],"about":[{"href":"https:\/\/ordredemaltesuisse.org\/de\/wp-json\/wp\/v2\/types\/post"}],"replies":[{"embeddable":true,"href":"https:\/\/ordredemaltesuisse.org\/de\/wp-json\/wp\/v2\/comments?post=5423"}],"version-history":[{"count":0,"href":"https:\/\/ordredemaltesuisse.org\/de\/wp-json\/wp\/v2\/posts\/5423\/revisions"}],"wp:attachment":[{"href":"https:\/\/ordredemaltesuisse.org\/de\/wp-json\/wp\/v2\/media?parent=5423"}],"wp:term":[{"taxonomy":"category","embeddable":true,"href":"https:\/\/ordredemaltesuisse.org\/de\/wp-json\/wp\/v2\/categories?post=5423"},{"taxonomy":"post_tag","embeddable":true,"href":"https:\/\/ordredemaltesuisse.org\/de\/wp-json\/wp\/v2\/tags?post=5423"}],"curies":[{"name":"wp","href":"https:\/\/api.w.org\/{rel}","templated":true}]}}