{"id":5617,"date":"2020-10-15T23:46:56","date_gmt":"2020-10-15T21:46:56","guid":{"rendered":"https:\/\/ordredemaltesuisse.org\/?p=5617"},"modified":"2021-03-28T22:24:45","modified_gmt":"2021-03-28T20:24:45","slug":"international-meeting-in-engelberg","status":"publish","type":"post","link":"https:\/\/ordredemaltesuisse.org\/de\/international-meeting-in-engelberg\/","title":{"rendered":"International Meeting in Engelberg"},"content":{"rendered":"\n<p>Die Pr\u00e4sidenten von verschiedenen nationalen Assoziationen  des Souver\u00e4nen Malteserordens trafen sich vom 10. bis 12. September in der Abtei von Engelberg zur Vorbereitung des Gro\u00dfen Staatsrates, der im November in Rom stattfinden und einen neuen Gro\u00dfmeister oder Statthalter des Ordens w\u00e4hlen wird.<\/p>\n\n\n\n<p id=\"block-2a3bf560-0803-412b-a093-2bfa2049fad0\">Bild: Pr\u00e4sidenten von verschiedenen nationalen Assoziationen  des Souver\u00e4nen Malteserordens, Engelberg, 11.09.2020<\/p>\n","protected":false},"excerpt":{"rendered":"<p>Die Pr\u00e4sidenten von verschiedenen nationalen Assoziationen des Souver\u00e4nen Malteserordens trafen sich vom 10. bis 12. September in der Abtei von Engelberg zur Vorbereitung des Gro\u00dfen Staatsrates, der im November in Rom stattfinden und einen neuen Gro\u00dfmeister oder Statthalter des Ordens w\u00e4hlen wird. Bild: Pr\u00e4sidenten von verschiedenen nationalen Assoziationen des Souver\u00e4nen Malteserordens, Engelberg, 11.09.2020<\/p>\n","protected":false},"author":1,"featured_media":5612,"comment_status":"closed","ping_status":"closed","sticky":false,"template":"","format":"standard","meta":{"inline_featured_image":false,"footnotes":"","_links_to":"","_links_to_target":""},"categories":[86,119,113],"tags":[],"class_list":["post-5617","post","type-post","status-publish","format-standard","has-post-thumbnail","hentry","category-aktuelle-nachrichten","category-de","category-internationale-news"],"_links":{"self":[{"href":"https:\/\/ordredemaltesuisse.org\/de\/wp-json\/wp\/v2\/posts\/5617","targetHints":{"allow":["GET"]}}],"collection":[{"href":"https:\/\/ordredemaltesuisse.org\/de\/wp-json\/wp\/v2\/posts"}],"about":[{"href":"https:\/\/ordredemaltesuisse.org\/de\/wp-json\/wp\/v2\/types\/post"}],"author":[{"embeddable":true,"href":"https:\/\/ordredemaltesuisse.org\/de\/wp-json\/wp\/v2\/users\/1"}],"replies":[{"embeddable":true,"href":"https:\/\/ordredemaltesuisse.org\/de\/wp-json\/wp\/v2\/comments?post=5617"}],"version-history":[{"count":3,"href":"https:\/\/ordredemaltesuisse.org\/de\/wp-json\/wp\/v2\/posts\/5617\/revisions"}],"predecessor-version":[{"id":5871,"href":"https:\/\/ordredemaltesuisse.org\/de\/wp-json\/wp\/v2\/posts\/5617\/revisions\/5871"}],"wp:featuredmedia":[{"embeddable":true,"href":"https:\/\/ordredemaltesuisse.org\/de\/wp-json\/wp\/v2\/media\/5612"}],"wp:attachment":[{"href":"https:\/\/ordredemaltesuisse.org\/de\/wp-json\/wp\/v2\/media?parent=5617"}],"wp:term":[{"taxonomy":"category","embeddable":true,"href":"https:\/\/ordredemaltesuisse.org\/de\/wp-json\/wp\/v2\/categories?post=5617"},{"taxonomy":"post_tag","embeddable":true,"href":"https:\/\/ordredemaltesuisse.org\/de\/wp-json\/wp\/v2\/tags?post=5617"}],"curies":[{"name":"wp","href":"https:\/\/api.w.org\/{rel}","templated":true}]}}