{"id":5826,"date":"2021-01-22T23:39:40","date_gmt":"2021-01-22T22:39:40","guid":{"rendered":"https:\/\/ordredemaltesuisse.org\/?p=5826"},"modified":"2021-01-22T23:42:31","modified_gmt":"2021-01-22T22:42:31","slug":"tod-von-franz-blankart","status":"publish","type":"post","link":"https:\/\/ordredemaltesuisse.org\/de\/tod-von-franz-blankart\/","title":{"rendered":"Tod von Franz Blankart"},"content":{"rendered":"\n<p>Am 17. Januar 2021 ist alt-Staatssekret\u00e4r Franz Blankart verstorben. Er war mit dem Malteserorden Schweiz und seinem Hospitaldienst eng verbunden und Grosskreuz des Ordens pro Merito Melitensi. Sein Mitarbeiter und Freund, der Pr\u00e4sident des Malteserordens Schweiz Martin von Walterskirchen, hat den Nekrolog f\u00fcr die \u00abWeltwoche\u00bb geschrieben:<\/p>\n\n\n\n<p>&#8220;<em>Sein Leben spiegelt das Verh\u00e4ltnis der Schweiz zu Europa wider: Als Franz Blank-art 1965 in den Bundesdienst eintrat, standen Efta und EWG in Konkurrenz. Als Paul Jolles das Freihandelsabkommen Schweiz\u2013 EWG von 1972 verhandelte, war Blankart Mitglied der Delegation. Als Chef des Integrations-b\u00fcros pr\u00e4gte er die noch heute g\u00fcltige Ma-xime f\u00fcr unser Verh\u00e4ltnis zur EU: \u00abBeitritts-f\u00e4hig sein, um nicht beitreten zu m\u00fcssen\u00bb. Als der Eiserne Vorhang fiel und der Wirt-schaftsstandort Schweiz vor neuen Heraus-forderungen stand, gestaltete und negozi-ierte er das EWR-Abkommen von 1992. Nach seinem vorzeitigen R\u00fccktritt 1998 ersann Blankart mit der Gruppe Muheim\/Langue-tin die erste Vision des Rahmenabkommens. Wer war dieser grand commis de la Conf\u00e9d\u00e9-ration, um den wir heute trauern? Dem Karl-Jaspers-Sch\u00fcler wurde in Basel die Ehre einer \u00f6ffentli-chen Promotion zu-teil. Der Kavallerie-oberst war noch in den neunziger Jah-ren f\u00fcr den Kriegs-fall als Adjutant des Generals vorgesehen. Blankart war der Mann der Wahl, um Nel-son Mandela im Mai 1992 bei seinem ersten Besuch in Genf zu treffen. Blankarts Knittel-verse vereinigen Basler Humor und Luzerner Blut: \u00abIm Iran tragt me kurzi Schleier \u2013 Lu-z\u00e4rn ertragt d\u00e4 kurzi Meyer\u00bb. Verhandlungs-gegner und Mitarbeiter waren beeindruckt von Blankarts ph\u00e4nomenaler Dossierkennt-nis. Als guter Chef wusste er seine Mit-arbeiter zu motivieren. Als Gastgeber stellte er in der Orangerie vom Schloss Muri nego-ziatorische Weichen. Blankart war nicht nur Unterh\u00e4ndler, sondern auch Kenner und \u2013 als Pr\u00e4sident des Ballettwettbewerbs Prix de Lausanne \u2013 Protagonist der K\u00fcnste. Nietz-sche h\u00e4tte in ihm einen apollinischen Men-schen gesehen. Kein Wunder, dass Bundesrat Furgler den Delegierten f\u00fcr Handelsvertr\u00e4ge zum Staatssekret\u00e4r machte. Wir dr\u00fccken seiner Frau, den beiden Kin-dern und Enkeln in stiller Anteilnahme die Hand, im Wissen, dass das geistige Erbe dieses Patrioten noch heute in den Herzen zahlreicher Menschen, die der Professor und v\u00e4terliche Freund f\u00fcr den Staatsdienst in-spiriert hat, weiterlebt. R. I. P.<\/em><\/p>\n\n\n\n<p><em><strong>Martin von Walterskirchen<\/strong><\/em><\/p>\n","protected":false},"excerpt":{"rendered":"<p>Am 17. Januar 2021 ist alt-Staatssekret\u00e4r Franz Blankart verstorben. Er war mit dem Malteserorden Schweiz und seinem Hospitaldienst eng verbunden und Grosskreuz des Ordens pro Merito Melitensi. Sein Mitarbeiter und Freund, der Pr\u00e4sident des Malteserordens Schweiz Martin von Walterskirchen, hat den Nekrolog f\u00fcr die \u00abWeltwoche\u00bb geschrieben: &#8220;Sein Leben spiegelt das Verh\u00e4ltnis der Schweiz zu Europa [&hellip;]<\/p>\n","protected":false},"author":1,"featured_media":5821,"comment_status":"closed","ping_status":"closed","sticky":false,"template":"","format":"standard","meta":{"inline_featured_image":false,"footnotes":"","_links_to":"","_links_to_target":""},"categories":[3],"tags":[],"class_list":["post-5826","post","type-post","status-publish","format-standard","has-post-thumbnail","hentry","category-unkategorisiert"],"_links":{"self":[{"href":"https:\/\/ordredemaltesuisse.org\/de\/wp-json\/wp\/v2\/posts\/5826","targetHints":{"allow":["GET"]}}],"collection":[{"href":"https:\/\/ordredemaltesuisse.org\/de\/wp-json\/wp\/v2\/posts"}],"about":[{"href":"https:\/\/ordredemaltesuisse.org\/de\/wp-json\/wp\/v2\/types\/post"}],"author":[{"embeddable":true,"href":"https:\/\/ordredemaltesuisse.org\/de\/wp-json\/wp\/v2\/users\/1"}],"replies":[{"embeddable":true,"href":"https:\/\/ordredemaltesuisse.org\/de\/wp-json\/wp\/v2\/comments?post=5826"}],"version-history":[{"count":2,"href":"https:\/\/ordredemaltesuisse.org\/de\/wp-json\/wp\/v2\/posts\/5826\/revisions"}],"predecessor-version":[{"id":5830,"href":"https:\/\/ordredemaltesuisse.org\/de\/wp-json\/wp\/v2\/posts\/5826\/revisions\/5830"}],"wp:featuredmedia":[{"embeddable":true,"href":"https:\/\/ordredemaltesuisse.org\/de\/wp-json\/wp\/v2\/media\/5821"}],"wp:attachment":[{"href":"https:\/\/ordredemaltesuisse.org\/de\/wp-json\/wp\/v2\/media?parent=5826"}],"wp:term":[{"taxonomy":"category","embeddable":true,"href":"https:\/\/ordredemaltesuisse.org\/de\/wp-json\/wp\/v2\/categories?post=5826"},{"taxonomy":"post_tag","embeddable":true,"href":"https:\/\/ordredemaltesuisse.org\/de\/wp-json\/wp\/v2\/tags?post=5826"}],"curies":[{"name":"wp","href":"https:\/\/api.w.org\/{rel}","templated":true}]}}